{"id":3216,"date":"2022-10-13T16:16:54","date_gmt":"2022-10-13T14:16:54","guid":{"rendered":"https:\/\/www.selfglobe.com\/?p=3216"},"modified":"2022-10-13T16:16:56","modified_gmt":"2022-10-13T14:16:56","slug":"de-estudiante-de-economia-a-pastor-en-una-yurta-en-medio-de-los-montes-sibilinos","status":"publish","type":"post","link":"https:\/\/www.selfglobe.com\/es\/de-estudiante-de-economia-a-pastor-en-una-yurta-en-medio-de-los-montes-sibilinos\/","title":{"rendered":"De estudiante de Econom\u00eda a pastor en una Yurta en medio de los Montes Sibilinos."},"content":{"rendered":"\n<p>Altiplano de Macereto. Estamos a 1000 metros de altura, en el coraz\u00f3n del Parque Nacional de los Montes Sibilinos. Este lugar ofrece una de las vistas m\u00e1s evocadoras de la Regi\u00f3n de las Marcas. La explanada por un lado y el Santuario por el otro; todo rodeado por los fabulosos picos de nuestros Apeninos. Como fondo caballos, burros, vacas y ovejas que pastan. Puro encanto para los amantes de la naturaleza.<\/p>\n\n\n\n<p>Es en este contexto, tan m\u00e1gico como natural, que vive y trabaja Marco Scolastici.                                         Primero estudiante, luego pastor cuando, lleno de incertidumbres sobre el futuro, decide dejar la capital donde estudiaba en la Facultad de Ciencias Econ\u00f3micas para volver a sus or\u00edgenes; a esa tierra que hasta su bisabuelo Vincenzo hab\u00eda amado tanto, que se hab\u00eda criado entre los pastos.                                                 Era el a\u00f1o 2016. Una vuelta a casa guiada por el amor por la tradici\u00f3n y la pasi\u00f3n por el oficio m\u00e1s antiguo de todos. Un viaje tan dif\u00edcil como doloroso agravado por una tierra que, inesperadamente, comienza a temblar. El sentido com\u00fan le dec\u00eda que escapara, pero ese altiplano desconocido de la Regi\u00f3n de las Marcas era la vida para \u00e9l. Marco no pod\u00eda abandonar las ovejas, los burros y sus perros. Entonces, cuando las repetidas sacudidas s\u00edsmicas dejan su casa inutilizable y amenazan con derrumbar los establos, monta una yurta mongola junto a la residencia y pasa all\u00ed el invierno.<\/p>\n\n\n\n<p>\u201c<em>Afuera la nieve sigue cayendo en silencio. Es casi oscuro ahora. En la yurta, en cambio, hace calor. Tomo el \u00faltimo sorbo de la taza y me pongo la chaqueta para volver al trabajo. Los c\u00edclopes, los terremotos y las tormentas hacen lo que tienen que hacer, soy Marco Scolastici y ya no salgo de mi \u00cdtaca<\/em>\u201d.<\/p>\n\n\n\n<p>As\u00ed lo cuenta en su libro \u00abUna yurta en los Apeninos. Historia de un retorno y una resistencia\u201d. Como el terremoto no habr\u00eda sido el final de todo sino la oportunidad de un nuevo comienzo y su yurta un s\u00edmbolo de renacimiento, esperanza y ganas de triunfar. Quedarse y vivir en una tierra, aunque sea arrasada, de una manera diferente con la conciencia de que nada volver\u00e1 a ser como antes. Pasi\u00f3n, amor y mucha paciencia fueron los ingredientes de un retorno consciente y enriquecedor a la profesi\u00f3n m\u00e1s antigua de la historia. El pasado ense\u00f1a y nos permite reinventar un futuro que no lo hubi\u00e9ramos cre\u00eddo as\u00ed. La expectativa es el concepto clave. Del bisabuelo, al abuelo y luego al padre. Una historia hecha de sacrificios, pasi\u00f3n y trabajo que tiene ra\u00edces profundas y abarca varias generaciones.                                                  Las tierras de Macereto fueron su \u00cdtaca a la que, despu\u00e9s de haber recorrido un largo camino, Marco volvi\u00f3 y decidi\u00f3 permanecer unido a ella.<\/p>\n\n\n\n<p>Hoy, adem\u00e1s de la cr\u00eda de ovejas, caballos y vacas, tambi\u00e9n se ocupa del procesamiento. La queser\u00eda Scolastici, de hecho, es conocida por la producci\u00f3n de productos l\u00e1cteos elaborados seg\u00fan la tradici\u00f3n y con leche exclusivamente de producci\u00f3n propia.                                                                                                     En la explotaci\u00f3n familiar, todo se controla desde dentro con vistas a una econom\u00eda circular real y con especial atenci\u00f3n al medio ambiente y los procesos biol\u00f3gicos naturales.                                                       Marco cr\u00eda la oveja Sopravissana, elecci\u00f3n que testimonia su idea de volver a los or\u00edgenes. Es una raza r\u00fastica pero con una leche m\u00e1s rica a nivel organol\u00e9ptico, lo que le ha permitido redescubrir la magia de la lana. De los desechos se convierte en un producto de nicho para la elaboraci\u00f3n de prendas de vestir por encargo realizadas con las t\u00e9cnicas milenarias de las damas locales apasionadas por el arte de tejer.<\/p>\n\n\n\n<p>A d\u00eda de hoy, despu\u00e9s del Covid y con todas las incertidumbres que estamos viviendo, Marco no tiene miedo. El futuro, como demuestra en su libro, hay que mirarlo con optimismo y esperanza. Representa un est\u00edmulo. Para hacer m\u00e1s y siempre mejor.                                                                                                        Despu\u00e9s de todo, \u00ab<em>Una yurta en los Apeninos<\/em>\u00bb nos ense\u00f1a que es el amor lo que mueve todo. Por la naturaleza, en este caso, que es su maestra y compa\u00f1era de vida.<\/p>\n\n\n\n<figure class=\"wp-block-gallery has-nested-images columns-default is-cropped wp-block-gallery-1 is-layout-flex\">\n<figure class=\"wp-block-image size-large is-style-default\"><img decoding=\"async\" loading=\"lazy\" width=\"1200\" height=\"1600\" data-id=\"3199\"  src=\"https:\/\/www.selfglobe.com\/wp-content\/uploads\/2022\/10\/Monti-Sibillini.jpeg\" alt=\"\" class=\"wp-image-3199\" srcset=\"https:\/\/www.selfglobe.com\/wp-content\/uploads\/2022\/10\/Monti-Sibillini.jpeg 1200w, https:\/\/www.selfglobe.com\/wp-content\/uploads\/2022\/10\/Monti-Sibillini-225x300.jpeg 225w, https:\/\/www.selfglobe.com\/wp-content\/uploads\/2022\/10\/Monti-Sibillini-768x1024.jpeg 768w, https:\/\/www.selfglobe.com\/wp-content\/uploads\/2022\/10\/Monti-Sibillini-1152x1536.jpeg 1152w\" sizes=\"(max-width: 1200px) 100vw, 1200px\" \/><\/figure>\n\n\n\n<figure class=\"wp-block-image size-large is-style-default\"><img decoding=\"async\" loading=\"lazy\" width=\"1080\" height=\"1080\" data-id=\"3207\"  src=\"https:\/\/www.selfglobe.com\/wp-content\/uploads\/2022\/10\/agribooks-instagram.jpg\" alt=\"\" class=\"wp-image-3207\" srcset=\"https:\/\/www.selfglobe.com\/wp-content\/uploads\/2022\/10\/agribooks-instagram.jpg 1080w, https:\/\/www.selfglobe.com\/wp-content\/uploads\/2022\/10\/agribooks-instagram-300x300.jpg 300w, https:\/\/www.selfglobe.com\/wp-content\/uploads\/2022\/10\/agribooks-instagram-1024x1024.jpg 1024w, https:\/\/www.selfglobe.com\/wp-content\/uploads\/2022\/10\/agribooks-instagram-150x150.jpg 150w, https:\/\/www.selfglobe.com\/wp-content\/uploads\/2022\/10\/agribooks-instagram-768x768.jpg 768w\" sizes=\"(max-width: 1080px) 100vw, 1080px\" \/><\/figure>\n\n\n\n<figure class=\"wp-block-image size-large is-style-default\"><img decoding=\"async\" loading=\"lazy\" width=\"2016\" height=\"1512\" data-id=\"3203\"  src=\"https:\/\/www.selfglobe.com\/wp-content\/uploads\/2022\/10\/Yurta-Scolastici.jpeg\" alt=\"\" class=\"wp-image-3203\" srcset=\"https:\/\/www.selfglobe.com\/wp-content\/uploads\/2022\/10\/Yurta-Scolastici.jpeg 2016w, https:\/\/www.selfglobe.com\/wp-content\/uploads\/2022\/10\/Yurta-Scolastici-300x225.jpeg 300w, https:\/\/www.selfglobe.com\/wp-content\/uploads\/2022\/10\/Yurta-Scolastici-1024x768.jpeg 1024w, https:\/\/www.selfglobe.com\/wp-content\/uploads\/2022\/10\/Yurta-Scolastici-768x576.jpeg 768w, https:\/\/www.selfglobe.com\/wp-content\/uploads\/2022\/10\/Yurta-Scolastici-1536x1152.jpeg 1536w\" sizes=\"(max-width: 2016px) 100vw, 2016px\" \/><\/figure>\n<\/figure>\n\n\n\n<p><em>Gracias al autor del libro, nuestro amigo Marco Scolastici por su colaboraci\u00f3n.<\/em><\/p>\n","protected":false},"excerpt":{"rendered":"<p>La apasionante historia de Marco Scolastici contada en su libro.<\/p>\n","protected":false},"author":2,"featured_media":3203,"comment_status":"open","ping_status":"open","sticky":false,"template":"","format":"standard","meta":[],"categories":[32],"tags":[],"acf":[],"yoast_head":"<!-- This site is optimized with the Yoast SEO plugin v21.8.1 - https:\/\/yoast.com\/wordpress\/plugins\/seo\/ -->\n<title>De estudiante de Econom\u00eda a pastor en una Yurta en medio de los Montes Sibilinos. - Self Globe | Desarrollo rural y cadena agroalimentariaSviluppo Rurale e Filiera Agroalimentare<\/title>\n<meta name=\"description\" content=\"La apasionante historia de Marco Scolastici contada en su libro.\" \/>\n<meta name=\"robots\" content=\"index, follow, max-snippet:-1, max-image-preview:large, max-video-preview:-1\" \/>\n<link rel=\"canonical\" href=\"https:\/\/www.selfglobe.com\/es\/de-estudiante-de-economia-a-pastor-en-una-yurta-en-medio-de-los-montes-sibilinos\/\" \/>\n<meta property=\"og:locale\" content=\"es_ES\" \/>\n<meta property=\"og:type\" content=\"article\" \/>\n<meta property=\"og:title\" content=\"De estudiante de Econom\u00eda a pastor en una Yurta en medio de los Montes Sibilinos. - Self Globe | Desarrollo rural y cadena agroalimentariaSviluppo Rurale e Filiera Agroalimentare\" \/>\n<meta property=\"og:description\" content=\"La apasionante historia de Marco Scolastici contada en su libro.\" \/>\n<meta property=\"og:url\" content=\"https:\/\/www.selfglobe.com\/es\/de-estudiante-de-economia-a-pastor-en-una-yurta-en-medio-de-los-montes-sibilinos\/\" \/>\n<meta property=\"og:site_name\" content=\"Self Globe | Desarrollo rural y cadena agroalimentariaSviluppo Rurale e Filiera Agroalimentare\" \/>\n<meta property=\"article:publisher\" content=\"https:\/\/www.facebook.com\/selfglobe\/\" \/>\n<meta property=\"article:published_time\" content=\"2022-10-13T14:16:54+00:00\" \/>\n<meta property=\"article:modified_time\" content=\"2022-10-13T14:16:56+00:00\" \/>\n<meta property=\"og:image\" content=\"https:\/\/www.selfglobe.com\/wp-content\/uploads\/2022\/10\/Yurta-Scolastici.jpeg\" \/>\n\t<meta property=\"og:image:width\" content=\"2016\" \/>\n\t<meta property=\"og:image:height\" content=\"1512\" \/>\n\t<meta property=\"og:image:type\" content=\"image\/jpeg\" \/>\n<meta name=\"author\" content=\"Ilaria\" \/>\n<meta name=\"twitter:card\" content=\"summary_large_image\" \/>\n<meta name=\"twitter:title\" content=\"De estudiante de Econom\u00eda a pastor en una Yurta en medio de los Montes Sibilinos. - Self Globe | Desarrollo rural y cadena agroalimentariaSviluppo Rurale e Filiera Agroalimentare\" \/>\n<meta name=\"twitter:description\" content=\"La apasionante historia de Marco Scolastici contada en su libro.\" \/>\n<meta name=\"twitter:image\" content=\"https:\/\/www.selfglobe.com\/wp-content\/uploads\/2022\/10\/Yurta-Scolastici.jpeg\" \/>\n<meta name=\"twitter:label1\" content=\"Escrito por\" \/>\n\t<meta name=\"twitter:data1\" content=\"Ilaria\" \/>\n\t<meta name=\"twitter:label2\" content=\"Tiempo de lectura\" \/>\n\t<meta name=\"twitter:data2\" content=\"5 minutos\" \/>\n<script type=\"application\/ld+json\" class=\"yoast-schema-graph\">{\"@context\":\"https:\/\/schema.org\",\"@graph\":[{\"@type\":\"Article\",\"@id\":\"https:\/\/www.selfglobe.com\/es\/de-estudiante-de-economia-a-pastor-en-una-yurta-en-medio-de-los-montes-sibilinos\/#article\",\"isPartOf\":{\"@id\":\"https:\/\/www.selfglobe.com\/es\/de-estudiante-de-economia-a-pastor-en-una-yurta-en-medio-de-los-montes-sibilinos\/\"},\"author\":{\"name\":\"Ilaria\",\"@id\":\"https:\/\/www.selfglobe.com\/fr\/#\/schema\/person\/a37a89339148694bd2376a0534697e2e\"},\"headline\":\"De estudiante de Econom\u00eda a pastor en una Yurta en medio de los Montes Sibilinos.\",\"datePublished\":\"2022-10-13T14:16:54+00:00\",\"dateModified\":\"2022-10-13T14:16:56+00:00\",\"mainEntityOfPage\":{\"@id\":\"https:\/\/www.selfglobe.com\/es\/de-estudiante-de-economia-a-pastor-en-una-yurta-en-medio-de-los-montes-sibilinos\/\"},\"wordCount\":752,\"commentCount\":0,\"publisher\":{\"@id\":\"https:\/\/www.selfglobe.com\/fr\/#organization\"},\"articleSection\":[\"Sin categorizar\"],\"inLanguage\":\"es\",\"potentialAction\":[{\"@type\":\"CommentAction\",\"name\":\"Comment\",\"target\":[\"https:\/\/www.selfglobe.com\/es\/de-estudiante-de-economia-a-pastor-en-una-yurta-en-medio-de-los-montes-sibilinos\/#respond\"]}]},{\"@type\":\"WebPage\",\"@id\":\"https:\/\/www.selfglobe.com\/es\/de-estudiante-de-economia-a-pastor-en-una-yurta-en-medio-de-los-montes-sibilinos\/\",\"url\":\"https:\/\/www.selfglobe.com\/es\/de-estudiante-de-economia-a-pastor-en-una-yurta-en-medio-de-los-montes-sibilinos\/\",\"name\":\"De estudiante de Econom\u00eda a pastor en una Yurta en medio de los Montes Sibilinos. - Self Globe | Desarrollo rural y cadena agroalimentariaSviluppo Rurale e Filiera Agroalimentare\",\"isPartOf\":{\"@id\":\"https:\/\/www.selfglobe.com\/fr\/#website\"},\"datePublished\":\"2022-10-13T14:16:54+00:00\",\"dateModified\":\"2022-10-13T14:16:56+00:00\",\"description\":\"La apasionante historia de Marco Scolastici contada en su libro.\",\"breadcrumb\":{\"@id\":\"https:\/\/www.selfglobe.com\/es\/de-estudiante-de-economia-a-pastor-en-una-yurta-en-medio-de-los-montes-sibilinos\/#breadcrumb\"},\"inLanguage\":\"es\",\"potentialAction\":[{\"@type\":\"ReadAction\",\"target\":[\"https:\/\/www.selfglobe.com\/es\/de-estudiante-de-economia-a-pastor-en-una-yurta-en-medio-de-los-montes-sibilinos\/\"]}]},{\"@type\":\"BreadcrumbList\",\"@id\":\"https:\/\/www.selfglobe.com\/es\/de-estudiante-de-economia-a-pastor-en-una-yurta-en-medio-de-los-montes-sibilinos\/#breadcrumb\",\"itemListElement\":[{\"@type\":\"ListItem\",\"position\":1,\"name\":\"Home\",\"item\":\"https:\/\/www.selfglobe.com\/es\/\"},{\"@type\":\"ListItem\",\"position\":2,\"name\":\"De estudiante de Econom\u00eda a pastor en una Yurta en medio de los Montes Sibilinos.\"}]},{\"@type\":\"WebSite\",\"@id\":\"https:\/\/www.selfglobe.com\/fr\/#website\",\"url\":\"https:\/\/www.selfglobe.com\/fr\/\",\"name\":\"Self Globe | Desarrollo rural y cadena agroalimentariaSviluppo Rurale e Filiera Agroalimentare\",\"description\":\"Desarrollo rural y cadena agroalimentaria\",\"publisher\":{\"@id\":\"https:\/\/www.selfglobe.com\/fr\/#organization\"},\"potentialAction\":[{\"@type\":\"SearchAction\",\"target\":{\"@type\":\"EntryPoint\",\"urlTemplate\":\"https:\/\/www.selfglobe.com\/fr\/?s={search_term_string}\"},\"query-input\":\"required name=search_term_string\"}],\"inLanguage\":\"es\"},{\"@type\":\"Organization\",\"@id\":\"https:\/\/www.selfglobe.com\/fr\/#organization\",\"name\":\"Self Globe | Sviluppo Rurale e Filiera Agroalimentare\",\"url\":\"https:\/\/www.selfglobe.com\/fr\/\",\"logo\":{\"@type\":\"ImageObject\",\"inLanguage\":\"es\",\"@id\":\"https:\/\/www.selfglobe.com\/fr\/#\/schema\/logo\/image\/\",\"url\":\"https:\/\/www.selfglobe.com\/wp-content\/uploads\/2022\/02\/logo-seo.jpg\",\"contentUrl\":\"https:\/\/www.selfglobe.com\/wp-content\/uploads\/2022\/02\/logo-seo.jpg\",\"width\":1000,\"height\":600,\"caption\":\"Self Globe | Sviluppo Rurale e Filiera Agroalimentare\"},\"image\":{\"@id\":\"https:\/\/www.selfglobe.com\/fr\/#\/schema\/logo\/image\/\"},\"sameAs\":[\"https:\/\/www.facebook.com\/selfglobe\/\",\"https:\/\/www.instagram.com\/self.globe\/\",\"https:\/\/www.linkedin.com\/company\/self-globe\/\"]},{\"@type\":\"Person\",\"@id\":\"https:\/\/www.selfglobe.com\/fr\/#\/schema\/person\/a37a89339148694bd2376a0534697e2e\",\"name\":\"Ilaria\",\"image\":{\"@type\":\"ImageObject\",\"inLanguage\":\"es\",\"@id\":\"https:\/\/www.selfglobe.com\/fr\/#\/schema\/person\/image\/\",\"url\":\"https:\/\/secure.gravatar.com\/avatar\/03aff6480df23a6cb2aebcd58bc11dc4?s=96&d=mm&r=g\",\"contentUrl\":\"https:\/\/secure.gravatar.com\/avatar\/03aff6480df23a6cb2aebcd58bc11dc4?s=96&d=mm&r=g\",\"caption\":\"Ilaria\"},\"url\":\"https:\/\/www.selfglobe.com\/es\/author\/ilaria\/\"}]}<\/script>\n<!-- \/ Yoast SEO plugin. -->","yoast_head_json":{"title":"De estudiante de Econom\u00eda a pastor en una Yurta en medio de los Montes Sibilinos. - Self Globe | Desarrollo rural y cadena agroalimentariaSviluppo Rurale e Filiera Agroalimentare","description":"La apasionante historia de Marco Scolastici contada en su libro.","robots":{"index":"index","follow":"follow","max-snippet":"max-snippet:-1","max-image-preview":"max-image-preview:large","max-video-preview":"max-video-preview:-1"},"canonical":"https:\/\/www.selfglobe.com\/es\/de-estudiante-de-economia-a-pastor-en-una-yurta-en-medio-de-los-montes-sibilinos\/","og_locale":"es_ES","og_type":"article","og_title":"De estudiante de Econom\u00eda a pastor en una Yurta en medio de los Montes Sibilinos. - Self Globe | Desarrollo rural y cadena agroalimentariaSviluppo Rurale e Filiera Agroalimentare","og_description":"La apasionante historia de Marco Scolastici contada en su libro.","og_url":"https:\/\/www.selfglobe.com\/es\/de-estudiante-de-economia-a-pastor-en-una-yurta-en-medio-de-los-montes-sibilinos\/","og_site_name":"Self Globe | Desarrollo rural y cadena agroalimentariaSviluppo Rurale e Filiera Agroalimentare","article_publisher":"https:\/\/www.facebook.com\/selfglobe\/","article_published_time":"2022-10-13T14:16:54+00:00","article_modified_time":"2022-10-13T14:16:56+00:00","og_image":[{"width":2016,"height":1512,"url":"https:\/\/www.selfglobe.com\/wp-content\/uploads\/2022\/10\/Yurta-Scolastici.jpeg","type":"image\/jpeg"}],"author":"Ilaria","twitter_card":"summary_large_image","twitter_title":"De estudiante de Econom\u00eda a pastor en una Yurta en medio de los Montes Sibilinos. - Self Globe | Desarrollo rural y cadena agroalimentariaSviluppo Rurale e Filiera Agroalimentare","twitter_description":"La apasionante historia de Marco Scolastici contada en su libro.","twitter_image":"https:\/\/www.selfglobe.com\/wp-content\/uploads\/2022\/10\/Yurta-Scolastici.jpeg","twitter_misc":{"Escrito por":"Ilaria","Tiempo de lectura":"5 minutos"},"schema":{"@context":"https:\/\/schema.org","@graph":[{"@type":"Article","@id":"https:\/\/www.selfglobe.com\/es\/de-estudiante-de-economia-a-pastor-en-una-yurta-en-medio-de-los-montes-sibilinos\/#article","isPartOf":{"@id":"https:\/\/www.selfglobe.com\/es\/de-estudiante-de-economia-a-pastor-en-una-yurta-en-medio-de-los-montes-sibilinos\/"},"author":{"name":"Ilaria","@id":"https:\/\/www.selfglobe.com\/fr\/#\/schema\/person\/a37a89339148694bd2376a0534697e2e"},"headline":"De estudiante de Econom\u00eda a pastor en una Yurta en medio de los Montes Sibilinos.","datePublished":"2022-10-13T14:16:54+00:00","dateModified":"2022-10-13T14:16:56+00:00","mainEntityOfPage":{"@id":"https:\/\/www.selfglobe.com\/es\/de-estudiante-de-economia-a-pastor-en-una-yurta-en-medio-de-los-montes-sibilinos\/"},"wordCount":752,"commentCount":0,"publisher":{"@id":"https:\/\/www.selfglobe.com\/fr\/#organization"},"articleSection":["Sin categorizar"],"inLanguage":"es","potentialAction":[{"@type":"CommentAction","name":"Comment","target":["https:\/\/www.selfglobe.com\/es\/de-estudiante-de-economia-a-pastor-en-una-yurta-en-medio-de-los-montes-sibilinos\/#respond"]}]},{"@type":"WebPage","@id":"https:\/\/www.selfglobe.com\/es\/de-estudiante-de-economia-a-pastor-en-una-yurta-en-medio-de-los-montes-sibilinos\/","url":"https:\/\/www.selfglobe.com\/es\/de-estudiante-de-economia-a-pastor-en-una-yurta-en-medio-de-los-montes-sibilinos\/","name":"De estudiante de Econom\u00eda a pastor en una Yurta en medio de los Montes Sibilinos. - Self Globe | Desarrollo rural y cadena agroalimentariaSviluppo Rurale e Filiera Agroalimentare","isPartOf":{"@id":"https:\/\/www.selfglobe.com\/fr\/#website"},"datePublished":"2022-10-13T14:16:54+00:00","dateModified":"2022-10-13T14:16:56+00:00","description":"La apasionante historia de Marco Scolastici contada en su libro.","breadcrumb":{"@id":"https:\/\/www.selfglobe.com\/es\/de-estudiante-de-economia-a-pastor-en-una-yurta-en-medio-de-los-montes-sibilinos\/#breadcrumb"},"inLanguage":"es","potentialAction":[{"@type":"ReadAction","target":["https:\/\/www.selfglobe.com\/es\/de-estudiante-de-economia-a-pastor-en-una-yurta-en-medio-de-los-montes-sibilinos\/"]}]},{"@type":"BreadcrumbList","@id":"https:\/\/www.selfglobe.com\/es\/de-estudiante-de-economia-a-pastor-en-una-yurta-en-medio-de-los-montes-sibilinos\/#breadcrumb","itemListElement":[{"@type":"ListItem","position":1,"name":"Home","item":"https:\/\/www.selfglobe.com\/es\/"},{"@type":"ListItem","position":2,"name":"De estudiante de Econom\u00eda a pastor en una Yurta en medio de los Montes Sibilinos."}]},{"@type":"WebSite","@id":"https:\/\/www.selfglobe.com\/fr\/#website","url":"https:\/\/www.selfglobe.com\/fr\/","name":"Self Globe | Desarrollo rural y cadena agroalimentariaSviluppo Rurale e Filiera Agroalimentare","description":"Desarrollo rural y cadena agroalimentaria","publisher":{"@id":"https:\/\/www.selfglobe.com\/fr\/#organization"},"potentialAction":[{"@type":"SearchAction","target":{"@type":"EntryPoint","urlTemplate":"https:\/\/www.selfglobe.com\/fr\/?s={search_term_string}"},"query-input":"required name=search_term_string"}],"inLanguage":"es"},{"@type":"Organization","@id":"https:\/\/www.selfglobe.com\/fr\/#organization","name":"Self Globe | Sviluppo Rurale e Filiera Agroalimentare","url":"https:\/\/www.selfglobe.com\/fr\/","logo":{"@type":"ImageObject","inLanguage":"es","@id":"https:\/\/www.selfglobe.com\/fr\/#\/schema\/logo\/image\/","url":"https:\/\/www.selfglobe.com\/wp-content\/uploads\/2022\/02\/logo-seo.jpg","contentUrl":"https:\/\/www.selfglobe.com\/wp-content\/uploads\/2022\/02\/logo-seo.jpg","width":1000,"height":600,"caption":"Self Globe | Sviluppo Rurale e Filiera Agroalimentare"},"image":{"@id":"https:\/\/www.selfglobe.com\/fr\/#\/schema\/logo\/image\/"},"sameAs":["https:\/\/www.facebook.com\/selfglobe\/","https:\/\/www.instagram.com\/self.globe\/","https:\/\/www.linkedin.com\/company\/self-globe\/"]},{"@type":"Person","@id":"https:\/\/www.selfglobe.com\/fr\/#\/schema\/person\/a37a89339148694bd2376a0534697e2e","name":"Ilaria","image":{"@type":"ImageObject","inLanguage":"es","@id":"https:\/\/www.selfglobe.com\/fr\/#\/schema\/person\/image\/","url":"https:\/\/secure.gravatar.com\/avatar\/03aff6480df23a6cb2aebcd58bc11dc4?s=96&d=mm&r=g","contentUrl":"https:\/\/secure.gravatar.com\/avatar\/03aff6480df23a6cb2aebcd58bc11dc4?s=96&d=mm&r=g","caption":"Ilaria"},"url":"https:\/\/www.selfglobe.com\/es\/author\/ilaria\/"}]}},"_links":{"self":[{"href":"https:\/\/www.selfglobe.com\/es\/wp-json\/wp\/v2\/posts\/3216"}],"collection":[{"href":"https:\/\/www.selfglobe.com\/es\/wp-json\/wp\/v2\/posts"}],"about":[{"href":"https:\/\/www.selfglobe.com\/es\/wp-json\/wp\/v2\/types\/post"}],"author":[{"embeddable":true,"href":"https:\/\/www.selfglobe.com\/es\/wp-json\/wp\/v2\/users\/2"}],"replies":[{"embeddable":true,"href":"https:\/\/www.selfglobe.com\/es\/wp-json\/wp\/v2\/comments?post=3216"}],"version-history":[{"count":1,"href":"https:\/\/www.selfglobe.com\/es\/wp-json\/wp\/v2\/posts\/3216\/revisions"}],"predecessor-version":[{"id":3217,"href":"https:\/\/www.selfglobe.com\/es\/wp-json\/wp\/v2\/posts\/3216\/revisions\/3217"}],"wp:featuredmedia":[{"embeddable":true,"href":"https:\/\/www.selfglobe.com\/es\/wp-json\/wp\/v2\/media\/3203"}],"wp:attachment":[{"href":"https:\/\/www.selfglobe.com\/es\/wp-json\/wp\/v2\/media?parent=3216"}],"wp:term":[{"taxonomy":"category","embeddable":true,"href":"https:\/\/www.selfglobe.com\/es\/wp-json\/wp\/v2\/categories?post=3216"},{"taxonomy":"post_tag","embeddable":true,"href":"https:\/\/www.selfglobe.com\/es\/wp-json\/wp\/v2\/tags?post=3216"}],"curies":[{"name":"wp","href":"https:\/\/api.w.org\/{rel}","templated":true}]}}