{"id":2897,"date":"2022-02-11T16:34:58","date_gmt":"2022-02-11T15:34:58","guid":{"rendered":"https:\/\/www.selfglobe.com\/?p=2897"},"modified":"2022-02-11T16:34:59","modified_gmt":"2022-02-11T15:34:59","slug":"la-peste-porcina-africana-ha-vuelto-a-italia-lo-que-esta-ocurriendo-y-lo-que-se-puede-esperar-en-el-futuro","status":"publish","type":"post","link":"https:\/\/www.selfglobe.com\/es\/la-peste-porcina-africana-ha-vuelto-a-italia-lo-que-esta-ocurriendo-y-lo-que-se-puede-esperar-en-el-futuro\/","title":{"rendered":"La peste porcina africana ha vuelto a Italia. Lo que est\u00e1 ocurriendo y lo que se puede esperar en el futuro."},"content":{"rendered":"\n<p>Se trata del virus de la peste porcina africana (VPPA), que conocemos en Italia desde 1978, a\u00f1o en que se introdujo el genotipo I.                                                                                                                                         La enfermedad ataca a cerdos y jabal\u00edes y, como explica el Prof. Vittorio Guberti, veterinario del ISPRA y profesor de la Universidad de Bolonia, se trata de un \u00ab<em>virus transmitido por garrapatas que en \u00c1frica, donde lleg\u00f3, se encuentra tambi\u00e9n en los fac\u00f3queros<\/em>. <em>Sin embargo, tanto las garrapatas como los facoceros son portadores sanos y asintom\u00e1ticos. Fue cuando los europeos introdujimos el cerdo en \u00c1frica cuando lo vimos en acci\u00f3n: los animales se contagiaron de las garrapatas y murieron<\/em>\u00ab.                                                 Adem\u00e1s de las garrapatas y los facinerosos, la peste porcina africana se transmite por contacto directo entre animales infectados o por ingesti\u00f3n de carne contaminada.<\/p>\n\n\n\n<p>No hay que subestimar el contagio involuntario por v\u00eda humana, pero sigue siendo un factor de riesgo importante para la transmisi\u00f3n del virus. De hecho, los movimientos de las personas han sido a menudo una causa de propagaci\u00f3n, ya que cualquier objeto contaminado, como la ropa, el calzado, los veh\u00edculos y otros equipos, puede ser un veh\u00edculo eficaz para la infecci\u00f3n.                                                                              Lo que es a\u00fan m\u00e1s preocupante que en los \u00faltimos a\u00f1os es que, por primera vez, el genotipo II de la enfermedad ha llegado al continente. Desde hace unas tres semanas, una zona de aproximadamente 2.000 km2 en la frontera entre Liguria y Piamonte est\u00e1 en alerta total. Decenas de miles de cerdos est\u00e1n en riesgo en los pr\u00f3ximos meses.<\/p>\n\n\n\n<p>\u00ab<em>La llegada de la PPA (peste porcina africana) a Liguria y Piamonte es preocupante por muchos motivos<\/em>\u00bb &#8211; nos dice Guberti &#8211; \u00ab<em>actualmente hay unas cinco regiones implicadas y el virus podr\u00eda empezar a extenderse. Si llegara a afectar a zonas donde la cr\u00eda de cerdos es una actividad econ\u00f3mica clave, causar\u00eda da\u00f1os incalculables. Si, por ejemplo, llegara a las zonas donde se produce el jam\u00f3n de Parma, este producto ya no podr\u00eda salir de la zona infectada, a menos que se obtuvieran exenciones y se realizaran una serie de controles sanitarios, lo que aumentar\u00eda los costes de producci\u00f3n<\/em>\u201d.<\/p>\n\n\n\n<p>Por lo tanto, es esencial aplicar medidas r\u00e1pidas para limitar la propagaci\u00f3n de la enfermedad lo antes posible, ya que, mientras que por un lado la poblaci\u00f3n de jabal\u00edes corre el riesgo de ser diezmada, aumentando as\u00ed la propagaci\u00f3n a gran escala de la infecci\u00f3n, por otro lado la presencia del virus en los jabal\u00edes supone un alto riesgo de propagaci\u00f3n de la enfermedad a los cerdos, poniendo en peligro toda la cadena de producci\u00f3n y transformaci\u00f3n de la carne.                                                                          Actualmente, Piamonte y Liguria han puesto en marcha medidas para contener la situaci\u00f3n. Prev\u00e9n el bloqueo de las zonas infectadas, con la prohibici\u00f3n de ciertas actividades como la caza, la recogida de setas y trufas, la pesca, el senderismo, la bicicleta de monta\u00f1a y todas las acciones estrechamente relacionadas con el territorio.<\/p>\n\n\n\n<p>La soluci\u00f3n, en lo que respecta a los jabal\u00edes, no es aumentar la caza. Guberti lo tiene claro: \u00ab<em>La caza y la enfermedad nunca van juntas<\/em>\u00ab, dice.                                                                                                                     Para erradicar un virus dentro de una zona contaminada, es necesario crear espacios de encierro alrededor de las poblaciones de animales infectados; impedir que salgan de la zona afectada; y, una vez localizada y contenida la infecci\u00f3n, reducir al m\u00e1ximo la poblaci\u00f3n silvestre dentro de ella. Como explic\u00f3 Sofie Dhollander, experta cient\u00edfica en salud y bienestar animal de la Autoridad Europea de Seguridad Alimentaria (EFSA), en una entrevista el 3 de febrero, \u00abse puede aplicar el mismo principio que el cintur\u00f3n de fuego alrededor de un incendio forestal: se establece una zona alrededor de un \u00e1rea libre de jabal\u00edes mucho antes de que llegue la infecci\u00f3n. Cuando el virus llega a la zona despoblada se extingue porque no hay m\u00e1s jabal\u00edes a los que infectar que puedan propagarlo.<\/p>\n\n\n\n<p>\u00bfQu\u00e9 esperar en el futuro?                                                                                                                                  En Italia est\u00e1 a punto de comenzar la misi\u00f3n de Euvet, un equipo de emergencia veterinaria compuesto por expertos en los campos de las ciencias veterinarias, la virolog\u00eda, la fauna salvaje, las pruebas de laboratorio, la gesti\u00f3n de riesgos y otras \u00e1reas relevantes.                                                                                  Las acciones para hacer frente a la peste porcina africana incluyen visitas sobre el terreno, reuniones con el Ministerio de Sanidad y con las autoridades sanitarias regionales y locales de las regiones m\u00e1s afectadas y damnificadas. Mientras tanto, el Instituto Experimental Zooprofil\u00e1ctico de Piamonte, Liguria y Valle de Aosta contin\u00faa sus investigaciones de diagn\u00f3stico, an\u00e1lisis y apoyo t\u00e9cnico-cient\u00edfico. Los institutos de Lombard\u00eda, Emilia-Roma\u00f1a y Toscana tambi\u00e9n siguen el ejemplo.                                          Adem\u00e1s, un equipo de expertos de la Comisi\u00f3n Europea proporcionar\u00e1 asistencia cient\u00edfica, t\u00e9cnica, de gesti\u00f3n y pr\u00e1ctica para mejorar las medidas de control y hacer frente a la carrera de contagio de la PPA.<\/p>\n","protected":false},"excerpt":{"rendered":"<p>Mientras seguimos defendi\u00e9ndonos de una pandemia que nos ha obligado a dos a\u00f1os de aislamiento, hay un rinc\u00f3n del pa\u00eds que tiene que preocuparse por un virus que no afecta a los humanos pero que podr\u00eda causar da\u00f1os. <\/p>\n","protected":false},"author":2,"featured_media":2892,"comment_status":"open","ping_status":"open","sticky":false,"template":"","format":"standard","meta":[],"categories":[32],"tags":[],"acf":[],"yoast_head":"<!-- This site is optimized with the Yoast SEO plugin v21.8.1 - https:\/\/yoast.com\/wordpress\/plugins\/seo\/ -->\n<title>La peste porcina africana ha vuelto a Italia. Lo que est\u00e1 ocurriendo y lo que se puede esperar en el futuro. - Self Globe | Desarrollo rural y cadena agroalimentariaSviluppo Rurale e Filiera Agroalimentare<\/title>\n<meta name=\"description\" content=\"Mientras seguimos defendi\u00e9ndonos de una pandemia que nos ha obligado a dos a\u00f1os de aislamiento, hay un rinc\u00f3n del pa\u00eds que tiene que preocuparse por un virus que no afecta a los humanos pero que podr\u00eda causar da\u00f1os.\" \/>\n<meta name=\"robots\" content=\"index, follow, max-snippet:-1, max-image-preview:large, max-video-preview:-1\" \/>\n<link rel=\"canonical\" href=\"https:\/\/www.selfglobe.com\/es\/la-peste-porcina-africana-ha-vuelto-a-italia-lo-que-esta-ocurriendo-y-lo-que-se-puede-esperar-en-el-futuro\/\" \/>\n<meta property=\"og:locale\" content=\"es_ES\" \/>\n<meta property=\"og:type\" content=\"article\" \/>\n<meta property=\"og:title\" content=\"La peste porcina africana ha vuelto a Italia. Lo que est\u00e1 ocurriendo y lo que se puede esperar en el futuro. - Self Globe | Desarrollo rural y cadena agroalimentariaSviluppo Rurale e Filiera Agroalimentare\" \/>\n<meta property=\"og:description\" content=\"Mientras seguimos defendi\u00e9ndonos de una pandemia que nos ha obligado a dos a\u00f1os de aislamiento, hay un rinc\u00f3n del pa\u00eds que tiene que preocuparse por un virus que no afecta a los humanos pero que podr\u00eda causar da\u00f1os.\" \/>\n<meta property=\"og:url\" content=\"https:\/\/www.selfglobe.com\/es\/la-peste-porcina-africana-ha-vuelto-a-italia-lo-que-esta-ocurriendo-y-lo-que-se-puede-esperar-en-el-futuro\/\" \/>\n<meta property=\"og:site_name\" content=\"Self Globe | Desarrollo rural y cadena agroalimentariaSviluppo Rurale e Filiera Agroalimentare\" \/>\n<meta property=\"article:publisher\" content=\"https:\/\/www.facebook.com\/selfglobe\/\" \/>\n<meta property=\"article:published_time\" content=\"2022-02-11T15:34:58+00:00\" \/>\n<meta property=\"article:modified_time\" content=\"2022-02-11T15:34:59+00:00\" \/>\n<meta property=\"og:image\" content=\"https:\/\/www.selfglobe.com\/wp-content\/uploads\/2022\/02\/pexels-frans-van-heerden-2868131-scaled.jpg\" \/>\n\t<meta property=\"og:image:width\" content=\"2560\" \/>\n\t<meta property=\"og:image:height\" content=\"1707\" \/>\n\t<meta property=\"og:image:type\" content=\"image\/jpeg\" \/>\n<meta name=\"author\" content=\"Ilaria\" \/>\n<meta name=\"twitter:card\" content=\"summary_large_image\" \/>\n<meta name=\"twitter:title\" content=\"La peste porcina africana ha vuelto a Italia. Lo que est\u00e1 ocurriendo y lo que se puede esperar en el futuro. - Self Globe | Desarrollo rural y cadena agroalimentariaSviluppo Rurale e Filiera Agroalimentare\" \/>\n<meta name=\"twitter:image\" content=\"https:\/\/www.selfglobe.com\/wp-content\/uploads\/2022\/02\/pexels-frans-van-heerden-2868131-scaled.jpg\" \/>\n<meta name=\"twitter:label1\" content=\"Escrito por\" \/>\n\t<meta name=\"twitter:data1\" content=\"Ilaria\" \/>\n\t<meta name=\"twitter:label2\" content=\"Tiempo de lectura\" \/>\n\t<meta name=\"twitter:data2\" content=\"5 minutos\" \/>\n<script type=\"application\/ld+json\" class=\"yoast-schema-graph\">{\"@context\":\"https:\/\/schema.org\",\"@graph\":[{\"@type\":\"Article\",\"@id\":\"https:\/\/www.selfglobe.com\/es\/la-peste-porcina-africana-ha-vuelto-a-italia-lo-que-esta-ocurriendo-y-lo-que-se-puede-esperar-en-el-futuro\/#article\",\"isPartOf\":{\"@id\":\"https:\/\/www.selfglobe.com\/es\/la-peste-porcina-africana-ha-vuelto-a-italia-lo-que-esta-ocurriendo-y-lo-que-se-puede-esperar-en-el-futuro\/\"},\"author\":{\"name\":\"Ilaria\",\"@id\":\"https:\/\/www.selfglobe.com\/fr\/#\/schema\/person\/a37a89339148694bd2376a0534697e2e\"},\"headline\":\"La peste porcina africana ha vuelto a Italia. Lo que est\u00e1 ocurriendo y lo que se puede esperar en el futuro.\",\"datePublished\":\"2022-02-11T15:34:58+00:00\",\"dateModified\":\"2022-02-11T15:34:59+00:00\",\"mainEntityOfPage\":{\"@id\":\"https:\/\/www.selfglobe.com\/es\/la-peste-porcina-africana-ha-vuelto-a-italia-lo-que-esta-ocurriendo-y-lo-que-se-puede-esperar-en-el-futuro\/\"},\"wordCount\":876,\"commentCount\":0,\"publisher\":{\"@id\":\"https:\/\/www.selfglobe.com\/fr\/#organization\"},\"articleSection\":[\"Sin categorizar\"],\"inLanguage\":\"es\",\"potentialAction\":[{\"@type\":\"CommentAction\",\"name\":\"Comment\",\"target\":[\"https:\/\/www.selfglobe.com\/es\/la-peste-porcina-africana-ha-vuelto-a-italia-lo-que-esta-ocurriendo-y-lo-que-se-puede-esperar-en-el-futuro\/#respond\"]}]},{\"@type\":\"WebPage\",\"@id\":\"https:\/\/www.selfglobe.com\/es\/la-peste-porcina-africana-ha-vuelto-a-italia-lo-que-esta-ocurriendo-y-lo-que-se-puede-esperar-en-el-futuro\/\",\"url\":\"https:\/\/www.selfglobe.com\/es\/la-peste-porcina-africana-ha-vuelto-a-italia-lo-que-esta-ocurriendo-y-lo-que-se-puede-esperar-en-el-futuro\/\",\"name\":\"La peste porcina africana ha vuelto a Italia. Lo que est\u00e1 ocurriendo y lo que se puede esperar en el futuro. - Self Globe | Desarrollo rural y cadena agroalimentariaSviluppo Rurale e Filiera Agroalimentare\",\"isPartOf\":{\"@id\":\"https:\/\/www.selfglobe.com\/fr\/#website\"},\"datePublished\":\"2022-02-11T15:34:58+00:00\",\"dateModified\":\"2022-02-11T15:34:59+00:00\",\"description\":\"Mientras seguimos defendi\u00e9ndonos de una pandemia que nos ha obligado a dos a\u00f1os de aislamiento, hay un rinc\u00f3n del pa\u00eds que tiene que preocuparse por un virus que no afecta a los humanos pero que podr\u00eda causar da\u00f1os.\",\"breadcrumb\":{\"@id\":\"https:\/\/www.selfglobe.com\/es\/la-peste-porcina-africana-ha-vuelto-a-italia-lo-que-esta-ocurriendo-y-lo-que-se-puede-esperar-en-el-futuro\/#breadcrumb\"},\"inLanguage\":\"es\",\"potentialAction\":[{\"@type\":\"ReadAction\",\"target\":[\"https:\/\/www.selfglobe.com\/es\/la-peste-porcina-africana-ha-vuelto-a-italia-lo-que-esta-ocurriendo-y-lo-que-se-puede-esperar-en-el-futuro\/\"]}]},{\"@type\":\"BreadcrumbList\",\"@id\":\"https:\/\/www.selfglobe.com\/es\/la-peste-porcina-africana-ha-vuelto-a-italia-lo-que-esta-ocurriendo-y-lo-que-se-puede-esperar-en-el-futuro\/#breadcrumb\",\"itemListElement\":[{\"@type\":\"ListItem\",\"position\":1,\"name\":\"Home\",\"item\":\"https:\/\/www.selfglobe.com\/es\/\"},{\"@type\":\"ListItem\",\"position\":2,\"name\":\"La peste porcina africana ha vuelto a Italia. Lo que est\u00e1 ocurriendo y lo que se puede esperar en el futuro.\"}]},{\"@type\":\"WebSite\",\"@id\":\"https:\/\/www.selfglobe.com\/fr\/#website\",\"url\":\"https:\/\/www.selfglobe.com\/fr\/\",\"name\":\"Self Globe | Desarrollo rural y cadena agroalimentariaSviluppo Rurale e Filiera Agroalimentare\",\"description\":\"Desarrollo rural y cadena agroalimentaria\",\"publisher\":{\"@id\":\"https:\/\/www.selfglobe.com\/fr\/#organization\"},\"potentialAction\":[{\"@type\":\"SearchAction\",\"target\":{\"@type\":\"EntryPoint\",\"urlTemplate\":\"https:\/\/www.selfglobe.com\/fr\/?s={search_term_string}\"},\"query-input\":\"required name=search_term_string\"}],\"inLanguage\":\"es\"},{\"@type\":\"Organization\",\"@id\":\"https:\/\/www.selfglobe.com\/fr\/#organization\",\"name\":\"Self Globe | Sviluppo Rurale e Filiera Agroalimentare\",\"url\":\"https:\/\/www.selfglobe.com\/fr\/\",\"logo\":{\"@type\":\"ImageObject\",\"inLanguage\":\"es\",\"@id\":\"https:\/\/www.selfglobe.com\/fr\/#\/schema\/logo\/image\/\",\"url\":\"https:\/\/www.selfglobe.com\/wp-content\/uploads\/2022\/02\/logo-seo.jpg\",\"contentUrl\":\"https:\/\/www.selfglobe.com\/wp-content\/uploads\/2022\/02\/logo-seo.jpg\",\"width\":1000,\"height\":600,\"caption\":\"Self Globe | Sviluppo Rurale e Filiera Agroalimentare\"},\"image\":{\"@id\":\"https:\/\/www.selfglobe.com\/fr\/#\/schema\/logo\/image\/\"},\"sameAs\":[\"https:\/\/www.facebook.com\/selfglobe\/\",\"https:\/\/www.instagram.com\/self.globe\/\",\"https:\/\/www.linkedin.com\/company\/self-globe\/\"]},{\"@type\":\"Person\",\"@id\":\"https:\/\/www.selfglobe.com\/fr\/#\/schema\/person\/a37a89339148694bd2376a0534697e2e\",\"name\":\"Ilaria\",\"image\":{\"@type\":\"ImageObject\",\"inLanguage\":\"es\",\"@id\":\"https:\/\/www.selfglobe.com\/fr\/#\/schema\/person\/image\/\",\"url\":\"https:\/\/secure.gravatar.com\/avatar\/03aff6480df23a6cb2aebcd58bc11dc4?s=96&d=mm&r=g\",\"contentUrl\":\"https:\/\/secure.gravatar.com\/avatar\/03aff6480df23a6cb2aebcd58bc11dc4?s=96&d=mm&r=g\",\"caption\":\"Ilaria\"},\"url\":\"https:\/\/www.selfglobe.com\/es\/author\/ilaria\/\"}]}<\/script>\n<!-- \/ Yoast SEO plugin. -->","yoast_head_json":{"title":"La peste porcina africana ha vuelto a Italia. Lo que est\u00e1 ocurriendo y lo que se puede esperar en el futuro. - Self Globe | Desarrollo rural y cadena agroalimentariaSviluppo Rurale e Filiera Agroalimentare","description":"Mientras seguimos defendi\u00e9ndonos de una pandemia que nos ha obligado a dos a\u00f1os de aislamiento, hay un rinc\u00f3n del pa\u00eds que tiene que preocuparse por un virus que no afecta a los humanos pero que podr\u00eda causar da\u00f1os.","robots":{"index":"index","follow":"follow","max-snippet":"max-snippet:-1","max-image-preview":"max-image-preview:large","max-video-preview":"max-video-preview:-1"},"canonical":"https:\/\/www.selfglobe.com\/es\/la-peste-porcina-africana-ha-vuelto-a-italia-lo-que-esta-ocurriendo-y-lo-que-se-puede-esperar-en-el-futuro\/","og_locale":"es_ES","og_type":"article","og_title":"La peste porcina africana ha vuelto a Italia. Lo que est\u00e1 ocurriendo y lo que se puede esperar en el futuro. - Self Globe | Desarrollo rural y cadena agroalimentariaSviluppo Rurale e Filiera Agroalimentare","og_description":"Mientras seguimos defendi\u00e9ndonos de una pandemia que nos ha obligado a dos a\u00f1os de aislamiento, hay un rinc\u00f3n del pa\u00eds que tiene que preocuparse por un virus que no afecta a los humanos pero que podr\u00eda causar da\u00f1os.","og_url":"https:\/\/www.selfglobe.com\/es\/la-peste-porcina-africana-ha-vuelto-a-italia-lo-que-esta-ocurriendo-y-lo-que-se-puede-esperar-en-el-futuro\/","og_site_name":"Self Globe | Desarrollo rural y cadena agroalimentariaSviluppo Rurale e Filiera Agroalimentare","article_publisher":"https:\/\/www.facebook.com\/selfglobe\/","article_published_time":"2022-02-11T15:34:58+00:00","article_modified_time":"2022-02-11T15:34:59+00:00","og_image":[{"width":2560,"height":1707,"url":"https:\/\/www.selfglobe.com\/wp-content\/uploads\/2022\/02\/pexels-frans-van-heerden-2868131-scaled.jpg","type":"image\/jpeg"}],"author":"Ilaria","twitter_card":"summary_large_image","twitter_title":"La peste porcina africana ha vuelto a Italia. Lo que est\u00e1 ocurriendo y lo que se puede esperar en el futuro. - Self Globe | Desarrollo rural y cadena agroalimentariaSviluppo Rurale e Filiera Agroalimentare","twitter_image":"https:\/\/www.selfglobe.com\/wp-content\/uploads\/2022\/02\/pexels-frans-van-heerden-2868131-scaled.jpg","twitter_misc":{"Escrito por":"Ilaria","Tiempo de lectura":"5 minutos"},"schema":{"@context":"https:\/\/schema.org","@graph":[{"@type":"Article","@id":"https:\/\/www.selfglobe.com\/es\/la-peste-porcina-africana-ha-vuelto-a-italia-lo-que-esta-ocurriendo-y-lo-que-se-puede-esperar-en-el-futuro\/#article","isPartOf":{"@id":"https:\/\/www.selfglobe.com\/es\/la-peste-porcina-africana-ha-vuelto-a-italia-lo-que-esta-ocurriendo-y-lo-que-se-puede-esperar-en-el-futuro\/"},"author":{"name":"Ilaria","@id":"https:\/\/www.selfglobe.com\/fr\/#\/schema\/person\/a37a89339148694bd2376a0534697e2e"},"headline":"La peste porcina africana ha vuelto a Italia. Lo que est\u00e1 ocurriendo y lo que se puede esperar en el futuro.","datePublished":"2022-02-11T15:34:58+00:00","dateModified":"2022-02-11T15:34:59+00:00","mainEntityOfPage":{"@id":"https:\/\/www.selfglobe.com\/es\/la-peste-porcina-africana-ha-vuelto-a-italia-lo-que-esta-ocurriendo-y-lo-que-se-puede-esperar-en-el-futuro\/"},"wordCount":876,"commentCount":0,"publisher":{"@id":"https:\/\/www.selfglobe.com\/fr\/#organization"},"articleSection":["Sin categorizar"],"inLanguage":"es","potentialAction":[{"@type":"CommentAction","name":"Comment","target":["https:\/\/www.selfglobe.com\/es\/la-peste-porcina-africana-ha-vuelto-a-italia-lo-que-esta-ocurriendo-y-lo-que-se-puede-esperar-en-el-futuro\/#respond"]}]},{"@type":"WebPage","@id":"https:\/\/www.selfglobe.com\/es\/la-peste-porcina-africana-ha-vuelto-a-italia-lo-que-esta-ocurriendo-y-lo-que-se-puede-esperar-en-el-futuro\/","url":"https:\/\/www.selfglobe.com\/es\/la-peste-porcina-africana-ha-vuelto-a-italia-lo-que-esta-ocurriendo-y-lo-que-se-puede-esperar-en-el-futuro\/","name":"La peste porcina africana ha vuelto a Italia. Lo que est\u00e1 ocurriendo y lo que se puede esperar en el futuro. - Self Globe | Desarrollo rural y cadena agroalimentariaSviluppo Rurale e Filiera Agroalimentare","isPartOf":{"@id":"https:\/\/www.selfglobe.com\/fr\/#website"},"datePublished":"2022-02-11T15:34:58+00:00","dateModified":"2022-02-11T15:34:59+00:00","description":"Mientras seguimos defendi\u00e9ndonos de una pandemia que nos ha obligado a dos a\u00f1os de aislamiento, hay un rinc\u00f3n del pa\u00eds que tiene que preocuparse por un virus que no afecta a los humanos pero que podr\u00eda causar da\u00f1os.","breadcrumb":{"@id":"https:\/\/www.selfglobe.com\/es\/la-peste-porcina-africana-ha-vuelto-a-italia-lo-que-esta-ocurriendo-y-lo-que-se-puede-esperar-en-el-futuro\/#breadcrumb"},"inLanguage":"es","potentialAction":[{"@type":"ReadAction","target":["https:\/\/www.selfglobe.com\/es\/la-peste-porcina-africana-ha-vuelto-a-italia-lo-que-esta-ocurriendo-y-lo-que-se-puede-esperar-en-el-futuro\/"]}]},{"@type":"BreadcrumbList","@id":"https:\/\/www.selfglobe.com\/es\/la-peste-porcina-africana-ha-vuelto-a-italia-lo-que-esta-ocurriendo-y-lo-que-se-puede-esperar-en-el-futuro\/#breadcrumb","itemListElement":[{"@type":"ListItem","position":1,"name":"Home","item":"https:\/\/www.selfglobe.com\/es\/"},{"@type":"ListItem","position":2,"name":"La peste porcina africana ha vuelto a Italia. Lo que est\u00e1 ocurriendo y lo que se puede esperar en el futuro."}]},{"@type":"WebSite","@id":"https:\/\/www.selfglobe.com\/fr\/#website","url":"https:\/\/www.selfglobe.com\/fr\/","name":"Self Globe | Desarrollo rural y cadena agroalimentariaSviluppo Rurale e Filiera Agroalimentare","description":"Desarrollo rural y cadena agroalimentaria","publisher":{"@id":"https:\/\/www.selfglobe.com\/fr\/#organization"},"potentialAction":[{"@type":"SearchAction","target":{"@type":"EntryPoint","urlTemplate":"https:\/\/www.selfglobe.com\/fr\/?s={search_term_string}"},"query-input":"required name=search_term_string"}],"inLanguage":"es"},{"@type":"Organization","@id":"https:\/\/www.selfglobe.com\/fr\/#organization","name":"Self Globe | Sviluppo Rurale e Filiera Agroalimentare","url":"https:\/\/www.selfglobe.com\/fr\/","logo":{"@type":"ImageObject","inLanguage":"es","@id":"https:\/\/www.selfglobe.com\/fr\/#\/schema\/logo\/image\/","url":"https:\/\/www.selfglobe.com\/wp-content\/uploads\/2022\/02\/logo-seo.jpg","contentUrl":"https:\/\/www.selfglobe.com\/wp-content\/uploads\/2022\/02\/logo-seo.jpg","width":1000,"height":600,"caption":"Self Globe | Sviluppo Rurale e Filiera Agroalimentare"},"image":{"@id":"https:\/\/www.selfglobe.com\/fr\/#\/schema\/logo\/image\/"},"sameAs":["https:\/\/www.facebook.com\/selfglobe\/","https:\/\/www.instagram.com\/self.globe\/","https:\/\/www.linkedin.com\/company\/self-globe\/"]},{"@type":"Person","@id":"https:\/\/www.selfglobe.com\/fr\/#\/schema\/person\/a37a89339148694bd2376a0534697e2e","name":"Ilaria","image":{"@type":"ImageObject","inLanguage":"es","@id":"https:\/\/www.selfglobe.com\/fr\/#\/schema\/person\/image\/","url":"https:\/\/secure.gravatar.com\/avatar\/03aff6480df23a6cb2aebcd58bc11dc4?s=96&d=mm&r=g","contentUrl":"https:\/\/secure.gravatar.com\/avatar\/03aff6480df23a6cb2aebcd58bc11dc4?s=96&d=mm&r=g","caption":"Ilaria"},"url":"https:\/\/www.selfglobe.com\/es\/author\/ilaria\/"}]}},"_links":{"self":[{"href":"https:\/\/www.selfglobe.com\/es\/wp-json\/wp\/v2\/posts\/2897"}],"collection":[{"href":"https:\/\/www.selfglobe.com\/es\/wp-json\/wp\/v2\/posts"}],"about":[{"href":"https:\/\/www.selfglobe.com\/es\/wp-json\/wp\/v2\/types\/post"}],"author":[{"embeddable":true,"href":"https:\/\/www.selfglobe.com\/es\/wp-json\/wp\/v2\/users\/2"}],"replies":[{"embeddable":true,"href":"https:\/\/www.selfglobe.com\/es\/wp-json\/wp\/v2\/comments?post=2897"}],"version-history":[{"count":1,"href":"https:\/\/www.selfglobe.com\/es\/wp-json\/wp\/v2\/posts\/2897\/revisions"}],"predecessor-version":[{"id":2898,"href":"https:\/\/www.selfglobe.com\/es\/wp-json\/wp\/v2\/posts\/2897\/revisions\/2898"}],"wp:featuredmedia":[{"embeddable":true,"href":"https:\/\/www.selfglobe.com\/es\/wp-json\/wp\/v2\/media\/2892"}],"wp:attachment":[{"href":"https:\/\/www.selfglobe.com\/es\/wp-json\/wp\/v2\/media?parent=2897"}],"wp:term":[{"taxonomy":"category","embeddable":true,"href":"https:\/\/www.selfglobe.com\/es\/wp-json\/wp\/v2\/categories?post=2897"},{"taxonomy":"post_tag","embeddable":true,"href":"https:\/\/www.selfglobe.com\/es\/wp-json\/wp\/v2\/tags?post=2897"}],"curies":[{"name":"wp","href":"https:\/\/api.w.org\/{rel}","templated":true}]}}